{"id":68,"date":"2015-06-28T05:40:26","date_gmt":"2015-06-28T04:40:26","guid":{"rendered":"https:\/\/langhuus.ch\/blog\/?p=68"},"modified":"2015-06-29T07:59:50","modified_gmt":"2015-06-29T06:59:50","slug":"langhuus-belebt","status":"publish","type":"post","link":"https:\/\/langhuus.ch\/blog\/2015\/06\/28\/langhuus-belebt\/","title":{"rendered":"Langhuus belebt"},"content":{"rendered":"<p>Gestern fand der 3. und vorerst letzte Langhuus Workshop statt. Die Ergebnisse der vorangegangen Workshops sind in ein Konzept eingeflossen, welches vorgestellt wurde. Einige haben die Gelegenheit ergriffen, das Langhuus nochmals von innen zu besichtigen\u00a0und sich von diesem einzigartigen Geb\u00e4ude faszinieren zu lassen.<\/p>\n<p><a href=\"https:\/\/langhuus.ch\/blog\/wp-content\/uploads\/2015\/06\/11402857_10153608037039384_5193760076784353860_o.jpg\"><img loading=\"lazy\" decoding=\"async\" class=\"alignnone  wp-image-71\" src=\"https:\/\/langhuus.ch\/blog\/wp-content\/uploads\/2015\/06\/11402857_10153608037039384_5193760076784353860_o-300x169.jpg\" alt=\"11402857_10153608037039384_5193760076784353860_o\" width=\"444\" height=\"250\" \/><\/a><\/p>\n<p>Gefreut hat uns auch, dass Rolf Ineichen (Bauchef der Gemeinde Cham) vorbeikam und uns mitgeteilt hat, dass der Gemeinderat offiziell beabsichtigt, das Langhuus und das davor befindliche Grundst\u00fcck zu \u00fcbernehmen, sofern die f\u00fcr 2016 geplante Umzonungsabstimmung positiv verl\u00e4uft.<\/p>\n<p>Wir haben gestern aber nicht nur geredet und geschaut, sondern eine Flohmarkt aufgegleist (im wahrsten Sinne des Wortes) und einen Bring &amp; Hol Bereich angeboten, wo Waren gratis gebracht und geholt werden konnten.<\/p>\n<p>Othmar hat uns mit einem feinen indischen Daahl kulinarisch verw\u00f6hnt und an der Bar konnte man sich zwischendurch ebenfalls st\u00e4rken mit Kaffee und Kuchen etc.<\/p>\n<p>Der Langhuus Betrieb (so das Motto des Workshops) wurde so nicht nur erdacht und beschrieben, sondern direkt erlebbar gemacht.<\/p>\n<p>Allen vielen Dank f\u00fcr&#8217;s Kommen und Mitgestalten. Wir konnten gestern sp\u00fcren, dass dieses Projekt eine gute Zukunft haben kann &#8211; mit und in Cham!<\/p>\n<p><a href=\"https:\/\/langhuus.ch\/blog\/wp-content\/uploads\/2015\/06\/LanghuusKonzept-Juni2015.pdf\" target=\"_blank\">LanghuusKonzept-Juni2015 (PDF)<\/a><\/p>\n","protected":false},"excerpt":{"rendered":"<p>Gestern fand der 3. und vorerst letzte Langhuus Workshop statt. Die Ergebnisse der vorangegangen Workshops sind in ein Konzept eingeflossen, welches vorgestellt wurde. Einige haben die Gelegenheit ergriffen, das Langhuus [&hellip;]<\/p>\n","protected":false},"author":1,"featured_media":69,"comment_status":"open","ping_status":"open","sticky":false,"template":"","format":"standard","meta":{"_et_pb_use_builder":"","_et_pb_old_content":"","_et_gb_content_width":"","footnotes":""},"categories":[1],"tags":[],"class_list":["post-68","post","type-post","status-publish","format-standard","has-post-thumbnail","hentry","category-uncategorized"],"_links":{"self":[{"href":"https:\/\/langhuus.ch\/blog\/wp-json\/wp\/v2\/posts\/68","targetHints":{"allow":["GET"]}}],"collection":[{"href":"https:\/\/langhuus.ch\/blog\/wp-json\/wp\/v2\/posts"}],"about":[{"href":"https:\/\/langhuus.ch\/blog\/wp-json\/wp\/v2\/types\/post"}],"author":[{"embeddable":true,"href":"https:\/\/langhuus.ch\/blog\/wp-json\/wp\/v2\/users\/1"}],"replies":[{"embeddable":true,"href":"https:\/\/langhuus.ch\/blog\/wp-json\/wp\/v2\/comments?post=68"}],"version-history":[{"count":4,"href":"https:\/\/langhuus.ch\/blog\/wp-json\/wp\/v2\/posts\/68\/revisions"}],"predecessor-version":[{"id":75,"href":"https:\/\/langhuus.ch\/blog\/wp-json\/wp\/v2\/posts\/68\/revisions\/75"}],"wp:featuredmedia":[{"embeddable":true,"href":"https:\/\/langhuus.ch\/blog\/wp-json\/wp\/v2\/media\/69"}],"wp:attachment":[{"href":"https:\/\/langhuus.ch\/blog\/wp-json\/wp\/v2\/media?parent=68"}],"wp:term":[{"taxonomy":"category","embeddable":true,"href":"https:\/\/langhuus.ch\/blog\/wp-json\/wp\/v2\/categories?post=68"},{"taxonomy":"post_tag","embeddable":true,"href":"https:\/\/langhuus.ch\/blog\/wp-json\/wp\/v2\/tags?post=68"}],"curies":[{"name":"wp","href":"https:\/\/api.w.org\/{rel}","templated":true}]}}