{"id":4501,"date":"2024-06-26T18:34:04","date_gmt":"2024-06-26T16:34:04","guid":{"rendered":"https:\/\/langhuus.ch\/blog\/?p=4501"},"modified":"2024-06-26T18:34:41","modified_gmt":"2024-06-26T16:34:41","slug":"willkommen-in-cham","status":"publish","type":"post","link":"https:\/\/langhuus.ch\/blog\/2024\/06\/26\/willkommen-in-cham\/","title":{"rendered":"Willkommen in Cham"},"content":{"rendered":"<p>[et_pb_section fb_built=&#8220;1&#8243; _builder_version=&#8220;4.25.1&#8243; _module_preset=&#8220;default&#8220; global_colors_info=&#8220;{}&#8220;][et_pb_row _builder_version=&#8220;4.25.1&#8243; _module_preset=&#8220;default&#8220; global_colors_info=&#8220;{}&#8220;][et_pb_column type=&#8220;4_4&#8243; _builder_version=&#8220;4.25.1&#8243; _module_preset=&#8220;default&#8220; global_colors_info=&#8220;{}&#8220;][et_pb_text _builder_version=&#8220;4.25.1&#8243; _module_preset=&#8220;default&#8220; global_colors_info=&#8220;{}&#8220;]<\/p>\n<p>Auch dieses Jahr sind wir wieder am Neuzuz\u00fcger:innen Anlass in Cham vertreten und erz\u00e4hlen den Leuten von der Langhuus Kulturfabrik. Eine gute Gelegenheit, neue Menschen f\u00fcr unser Projekt zu begeistern.<\/p>\n<p>26.6.2024 ab 18 Uhr im Lorzensaal<\/p>\n<p>&nbsp;<\/p>\n<p>[\/et_pb_text][\/et_pb_column][\/et_pb_row][\/et_pb_section]<\/p>\n","protected":false},"excerpt":{"rendered":"<p>Auch dieses Jahr sind wir wieder am Neuzuz\u00fcger:innen Anlass in Cham vertreten und erz\u00e4hlen den Leuten von der Langhuus Kulturfabrik. Eine gute Gelegenheit, neue Menschen f\u00fcr unser Projekt zu begeistern. [&hellip;]<\/p>\n","protected":false},"author":1,"featured_media":4505,"comment_status":"open","ping_status":"open","sticky":false,"template":"","format":"standard","meta":{"_et_pb_use_builder":"on","_et_pb_old_content":"","_et_gb_content_width":"","footnotes":""},"categories":[1],"tags":[],"class_list":["post-4501","post","type-post","status-publish","format-standard","has-post-thumbnail","hentry","category-uncategorized"],"_links":{"self":[{"href":"https:\/\/langhuus.ch\/blog\/wp-json\/wp\/v2\/posts\/4501","targetHints":{"allow":["GET"]}}],"collection":[{"href":"https:\/\/langhuus.ch\/blog\/wp-json\/wp\/v2\/posts"}],"about":[{"href":"https:\/\/langhuus.ch\/blog\/wp-json\/wp\/v2\/types\/post"}],"author":[{"embeddable":true,"href":"https:\/\/langhuus.ch\/blog\/wp-json\/wp\/v2\/users\/1"}],"replies":[{"embeddable":true,"href":"https:\/\/langhuus.ch\/blog\/wp-json\/wp\/v2\/comments?post=4501"}],"version-history":[{"count":4,"href":"https:\/\/langhuus.ch\/blog\/wp-json\/wp\/v2\/posts\/4501\/revisions"}],"predecessor-version":[{"id":4507,"href":"https:\/\/langhuus.ch\/blog\/wp-json\/wp\/v2\/posts\/4501\/revisions\/4507"}],"wp:featuredmedia":[{"embeddable":true,"href":"https:\/\/langhuus.ch\/blog\/wp-json\/wp\/v2\/media\/4505"}],"wp:attachment":[{"href":"https:\/\/langhuus.ch\/blog\/wp-json\/wp\/v2\/media?parent=4501"}],"wp:term":[{"taxonomy":"category","embeddable":true,"href":"https:\/\/langhuus.ch\/blog\/wp-json\/wp\/v2\/categories?post=4501"},{"taxonomy":"post_tag","embeddable":true,"href":"https:\/\/langhuus.ch\/blog\/wp-json\/wp\/v2\/tags?post=4501"}],"curies":[{"name":"wp","href":"https:\/\/api.w.org\/{rel}","templated":true}]}}