{"id":3367,"date":"2024-04-29T15:32:06","date_gmt":"2024-04-29T13:32:06","guid":{"rendered":"https:\/\/langhuus.ch\/blog\/?p=3367"},"modified":"2024-05-03T15:08:18","modified_gmt":"2024-05-03T13:08:18","slug":"solarpunk-aha-festival","status":"publish","type":"post","link":"https:\/\/langhuus.ch\/blog\/2024\/04\/29\/solarpunk-aha-festival\/","title":{"rendered":"SOLARPUNK AHA FESTIVAL &#8211; 22. und 23.6.2024"},"content":{"rendered":"\n[et_pb_section fb_built=&#8220;1&#8243; _builder_version=&#8220;4.16&#8243; global_colors_info=&#8220;{}&#8220;][et_pb_row _builder_version=&#8220;4.16&#8243; background_size=&#8220;initial&#8220; background_position=&#8220;top_left&#8220; background_repeat=&#8220;repeat&#8220; global_colors_info=&#8220;{}&#8220;][et_pb_column type=&#8220;4_4&#8243; _builder_version=&#8220;4.16&#8243; custom_padding=&#8220;|||&#8220; global_colors_info=&#8220;{}&#8220; custom_padding__hover=&#8220;|||&#8220;][et_pb_text admin_label=&#8220;Text&#8220; _builder_version=&#8220;4.25.0&#8243; background_size=&#8220;initial&#8220; background_position=&#8220;top_left&#8220; background_repeat=&#8220;repeat&#8220; hover_enabled=&#8220;0&#8243; global_colors_info=&#8220;{}&#8220; sticky_enabled=&#8220;0&#8243;]<h2>Nachhaltig, kreativ und bunt.<\/h2>\n<p>Vom <strong>22. bis 23. Juni 2024<\/strong>\u00a0findet auf dem <strong>Papieriplatz und beim Langhuus<\/strong> wieder das <strong>SOLARPUNK AHA FESTIVAL<\/strong> statt.<\/p>\n<p class=\"p2\"><b>ATTRAKTIONEN<\/b><\/p>\n<p class=\"p2\">&gt; SOLARKOCHER<br \/>&gt; WASSERSPIEL<br \/>&gt; GEODOME<br \/>&gt; KRAFTWERK<br \/>&gt; SONNENUHR<b><\/b><\/p>\n<p class=\"p2\"><b>PROGRAMM<\/b><b><\/b><\/p>\n<p class=\"p1\">\n<p class=\"p2\"><b>SA 22. <\/b><\/p>\n<p class=\"p2\"><b><span class=\"Apple-converted-space\">\u00a0 \u00a0 <\/span>19.00: Mitbring-Tavolata<\/b><\/p>\n<p class=\"p2\">Nimm Platz an der grossen Tafel und geniesse<br \/>die feinen Speisen. Was bringst du mit?<\/p>\n<p class=\"p2\"><b><span class=\"Apple-converted-space\">\u00a0\u00a0 <\/span>21.00: Johannisfeuer<\/b><\/p>\n<p class=\"p2\">Geniesse das prasselnde Lagerfeuer in der lauen<br \/>Sommernacht<\/p>\n<p class=\"p2\"><b>SO 23. <\/b><\/p>\n<p class=\"p2\"><b><span class=\"Apple-converted-space\">\u00a0 \u00a0 <\/span>10.00: Solar Zmorge<\/b><\/p>\n<p class=\"p2\">Koch dein Ei und deinen Zmorge Kaffee mit dem<br \/>Solarkocher.<\/p>\n<p class=\"p2\"><span class=\"Apple-converted-space\">\u00a0\u00a0 \u00a0 <\/span><b>11.00-15.00: Menschen Tauschen<span class=\"Apple-converted-space\">\u00a0 <\/span>Kleider<\/b><\/p>\n<p class=\"p2\">Bring 10 Kleidungst\u00fccke mit zum Tauschen.<br \/>Finde Neues f\u00fcr deine Garderobe.<\/p>\n<p class=\"p1\"><b><span class=\"Apple-converted-space\">\u00a0 \u00a0 \u00a0 \u00a0<\/span><\/b><\/p>[\/et_pb_text][et_pb_testimonial _builder_version=&#8220;4.20.2&#8243; _module_preset=&#8220;default&#8220; global_colors_info=&#8220;{}&#8220;]<p>Solarpunk ist eine Bewegung der vision\u00e4ren Ideen in Kunst, Mode und Aktivismus, die die Frage zu beantworten versucht, wie eine nachhaltige Zivilisation aussehen kann, und wie man dies erreichen k\u00f6nnte.<\/p>\n<p>Die \u00c4sthetik von Solarpunk verbindet das Praktische mit dem Sch\u00f6nen, das Wohldurchdachte mit dem Gr\u00fcnen und \u00dcppigen, das Helle und Bunte mit dem Erdigen und Soliden.<\/p>\n<p>Solarpunk kann utopisch, einfach nur optimistisch, oder mit den K\u00e4mpfen auf dem Weg zu einer besseren Welt besch\u00e4ftigt sein. Solarpunk ist aber niemals dystopisch. Da unsere Welt vor Ungl\u00fcck brodelt, brauchen wir L\u00f6sungen, nicht nur Warnungen.<\/p>\n<p>Wir brauchen L\u00f6sungen, um ohne fossile Brennstoffe zu gedeihen, mit echter Knappheit gerecht umzugehen und an der schon jetzt vorhandenen F\u00fclle teilzuhaben. Statt eine falsche Knappheit oder einen falschen \u00dcberfluss zu unterst\u00fctzen, m\u00f6chten wir freundlicher zueinander und zu dem Planeten zu sein, den wir uns teilen.<\/p>\n<p>Solarpunk ist gleichzeitig eine Vision der Zukunft, eine durchdachte Provokation, eine Lebensweise und eine Reihe von erreichbaren Vorschl\u00e4gen, um dorthin zu gelangen.<\/p>\n<p>Quelle: <a href=\"https:\/\/www.re-des.org\/ein-solarpunk-manifest-deutsch\/\" target=\"_blank\" rel=\"noopener\">https:\/\/www.re-des.org\/ein-solarpunk-manifest-deutsch\/<\/a><\/p>[\/et_pb_testimonial][\/et_pb_column][\/et_pb_row][\/et_pb_section]\n","protected":false},"excerpt":{"rendered":"<p>Nachhaltig, kreativ und bunt. Vom 22. bis 23. Juni 2024\u00a0findet auf dem Papieriplatz und beim Langhuus wieder das SOLARPUNK AHA FESTIVAL statt. ATTRAKTIONEN &gt; SOLARKOCHER&gt; WASSERSPIEL&gt; GEODOME&gt; KRAFTWERK&gt; SONNENUHR PROGRAMM [&hellip;]<\/p>\n","protected":false},"author":1,"featured_media":4375,"comment_status":"open","ping_status":"open","sticky":false,"template":"","format":"standard","meta":{"_et_pb_use_builder":"on","_et_pb_old_content":"<!-- wp:paragraph -->\n<p>Nachhaltig, kreativ und bunt.<\/p>\n<!-- \/wp:paragraph -->\n\n<!-- wp:paragraph -->\n<p><\/p>\n<!-- \/wp:paragraph -->\n\n<!-- wp:paragraph -->\n<p>Vom 21. bis 28. Juni findet auf dem Papieri-Plazt das erste SOLARPUNK AHA FESTIVAL statt.<\/p>\n<!-- \/wp:paragraph -->\n\n<!-- wp:paragraph -->\n<p><a href=\"https:\/\/langhuus.ch\/blog\/wp-content\/uploads\/2023\/05\/solarpunk_aha_festival_programm.png\">Spannende Attraktionen und ein vielf\u00e4ltiges Programm<\/a>\u00a0erwarten dich.<\/p>\n<!-- \/wp:paragraph -->\n\n<!-- wp:image {\"id\":3389,\"sizeSlug\":\"large\",\"linkDestination\":\"media\"} -->\n<figure class=\"wp-block-image size-large\"><a href=\"https:\/\/langhuus.ch\/blog\/wp-content\/uploads\/2023\/05\/solarpunk_aha_festival_programm.png\"><img src=\"https:\/\/langhuus.ch\/blog\/wp-content\/uploads\/2023\/05\/solarpunk_aha_festival_programm-1024x724.png\" alt=\"\" class=\"wp-image-3389\"\/><\/a><\/figure>\n<!-- \/wp:image -->\n\n<!-- wp:quote -->\n<blockquote class=\"wp-block-quote\"><!-- wp:paragraph -->\n<p>Solarpunk ist eine Bewegung der vision\u00e4ren Ideen in Kunst, Mode und Aktivismus, die die Frage zu beantworten versucht, wie eine nachhaltige Zivilisation aussehen kann, und wie man dies erreichen k\u00f6nnte.<\/p>\n<!-- \/wp:paragraph -->\n\n<!-- wp:paragraph -->\n<p>Die \u00c4sthetik von Solarpunk verbindet das Praktische mit dem Sch\u00f6nen, das Wohldurchdachte mit dem Gr\u00fcnen und \u00dcppigen, das Helle und Bunte mit dem Erdigen und Soliden.<\/p>\n<!-- \/wp:paragraph -->\n\n<!-- wp:paragraph -->\n<p>Solarpunk kann utopisch, einfach nur optimistisch, oder mit den K\u00e4mpfen auf dem Weg zu einer besseren Welt besch\u00e4ftigt sein. Solarpunk ist aber niemals dystopisch. Da unsere Welt vor Ungl\u00fcck brodelt, brauchen wir L\u00f6sungen, nicht nur Warnungen.<\/p>\n<!-- \/wp:paragraph -->\n\n<!-- wp:paragraph -->\n<p>Wir brauchen L\u00f6sungen, um ohne fossile Brennstoffe zu gedeihen, mit echter Knappheit gerecht umzugehen und an der schon jetzt vorhandenen F\u00fclle teilzuhaben. Statt eine falsche Knappheit oder einen falschen \u00dcberfluss zu unterst\u00fctzen, m\u00f6chten wir freundlicher zueinander und zu dem Planeten zu sein, den wir uns teilen.<\/p>\n<!-- \/wp:paragraph -->\n\n<!-- wp:paragraph -->\n<p>Solarpunk ist gleichzeitig eine Vision der Zukunft, eine durchdachte Provokation, eine Lebensweise und eine Reihe von erreichbaren Vorschl\u00e4gen, um dorthin zu gelangen.<\/p>\n<!-- \/wp:paragraph --><cite>Quelle: <a href=\"https:\/\/www.re-des.org\/ein-solarpunk-manifest-deutsch\/\" target=\"_blank\" rel=\"noreferrer noopener\">https:\/\/www.re-des.org\/ein-solarpunk-manifest-deutsch\/<\/a><\/cite><\/blockquote>\n<!-- \/wp:quote -->\n\n<!-- wp:paragraph -->\n<p>Hauptsponsor<\/p>\n<!-- \/wp:paragraph -->\n\n<!-- wp:image {\"id\":3353,\"width\":209,\"height\":122,\"linkDestination\":\"custom\"} -->\n<figure class=\"wp-block-image is-resized\"><a href=\"https:\/\/www.papieri-cham.ch\/\" target=\"_blank\" rel=\"noreferrer noopener\"><img src=\"https:\/\/langhuus.ch\/blog\/wp-content\/uploads\/2023\/05\/Papieri_rgb.png\" alt=\"\" class=\"wp-image-3353\" width=\"209\" height=\"122\"\/><\/a><\/figure>\n<!-- \/wp:image -->\n\n<!-- wp:paragraph -->\n<p>Nebensponsor<\/p>\n<!-- \/wp:paragraph -->\n\n<!-- wp:image {\"id\":3392,\"sizeSlug\":\"full\",\"linkDestination\":\"media\"} -->\n<figure class=\"wp-block-image size-full\"><a href=\"https:\/\/langhuus.ch\/blog\/wp-content\/uploads\/2023\/05\/huerlimann_wyss_stiftung.jpeg\"><img src=\"https:\/\/langhuus.ch\/blog\/wp-content\/uploads\/2023\/05\/huerlimann_wyss_stiftung.jpeg\" alt=\"\" class=\"wp-image-3392\"\/><\/a><\/figure>\n<!-- \/wp:image -->","_et_gb_content_width":"","footnotes":""},"categories":[1],"tags":[],"class_list":["post-3367","post","type-post","status-publish","format-standard","has-post-thumbnail","hentry","category-uncategorized"],"_links":{"self":[{"href":"https:\/\/langhuus.ch\/blog\/wp-json\/wp\/v2\/posts\/3367","targetHints":{"allow":["GET"]}}],"collection":[{"href":"https:\/\/langhuus.ch\/blog\/wp-json\/wp\/v2\/posts"}],"about":[{"href":"https:\/\/langhuus.ch\/blog\/wp-json\/wp\/v2\/types\/post"}],"author":[{"embeddable":true,"href":"https:\/\/langhuus.ch\/blog\/wp-json\/wp\/v2\/users\/1"}],"replies":[{"embeddable":true,"href":"https:\/\/langhuus.ch\/blog\/wp-json\/wp\/v2\/comments?post=3367"}],"version-history":[{"count":30,"href":"https:\/\/langhuus.ch\/blog\/wp-json\/wp\/v2\/posts\/3367\/revisions"}],"predecessor-version":[{"id":4374,"href":"https:\/\/langhuus.ch\/blog\/wp-json\/wp\/v2\/posts\/3367\/revisions\/4374"}],"wp:featuredmedia":[{"embeddable":true,"href":"https:\/\/langhuus.ch\/blog\/wp-json\/wp\/v2\/media\/4375"}],"wp:attachment":[{"href":"https:\/\/langhuus.ch\/blog\/wp-json\/wp\/v2\/media?parent=3367"}],"wp:term":[{"taxonomy":"category","embeddable":true,"href":"https:\/\/langhuus.ch\/blog\/wp-json\/wp\/v2\/categories?post=3367"},{"taxonomy":"post_tag","embeddable":true,"href":"https:\/\/langhuus.ch\/blog\/wp-json\/wp\/v2\/tags?post=3367"}],"curies":[{"name":"wp","href":"https:\/\/api.w.org\/{rel}","templated":true}]}}