{"id":3239,"date":"2023-03-30T14:47:08","date_gmt":"2023-03-30T12:47:08","guid":{"rendered":"https:\/\/langhuus.ch\/blog\/?p=3239"},"modified":"2023-03-30T14:48:58","modified_gmt":"2023-03-30T12:48:58","slug":"feldbotanik-im-langhuus","status":"publish","type":"post","link":"https:\/\/langhuus.ch\/blog\/2023\/03\/30\/feldbotanik-im-langhuus\/","title":{"rendered":"Feldbotanik im Langhuus"},"content":{"rendered":"\n<p>Am 29.3.23 fand unter der Leitung von Ueli Mauch und der Schirmherrschaft vom LLC (Lebensraum Landschaft Cham) der erste Kurs zum Bestimmen von Pflanzen in unserer Region statt. Es war sehr spannend und anschaulich. Die zahlreichen Teilnehmer lernten mit viel Spass, die Merkmale der verschiedenen Pflanzenfamilien zu unterscheiden. Es war somit die perfekte Vorbereitung f\u00fcr die Fr\u00fchlings-Exkursion einige Tage sp\u00e4ter! <\/p>\n\n\n\n<p><strong>Die n\u00e4chsten Botanik-Termine im Langhuus sind am 21.6.23 und 6.9.23. <\/strong><\/p>\n\n\n\n<p>Da die Teilnehmerzahl beschr\u00e4nkt ist, wird um Anmeldung an <a href=\"mailto:kontakt@landschaftcham.ch\">kontakt@landschaftcham.ch<\/a> gebeten.<\/p>\n\n\n\n<figure class=\"wp-block-image size-large\"><a href=\"https:\/\/langhuus.ch\/blog\/wp-content\/uploads\/2023\/03\/20230329-Feldbotanik-U-Mauch-praesentiert-Pflanzen-\u00a9-Stefan-Rother-scaled.jpg\"><img loading=\"lazy\" decoding=\"async\" width=\"1024\" height=\"690\" src=\"https:\/\/langhuus.ch\/blog\/wp-content\/uploads\/2023\/03\/20230329-Feldbotanik-U-Mauch-praesentiert-Pflanzen-\u00a9-Stefan-Rother-1024x690.jpg\" alt=\"\" class=\"wp-image-3240\"\/><\/a><figcaption class=\"wp-element-caption\">Ueli erkl\u00e4rt gewohnt professionell und mit viel Spass die einheimischen Wildpflanzen (\u00a9 Stefan Rother)<\/figcaption><\/figure>\n\n\n\n<figure class=\"wp-block-image size-large\"><a href=\"https:\/\/langhuus.ch\/blog\/wp-content\/uploads\/2023\/03\/20230329-Feldbotanik-vrnl-S-Rother-R-Gmuender-U-Mauch-\u00a9-Stefan-Rother--scaled.jpg\"><img loading=\"lazy\" decoding=\"async\" width=\"1024\" height=\"886\" src=\"https:\/\/langhuus.ch\/blog\/wp-content\/uploads\/2023\/03\/20230329-Feldbotanik-vrnl-S-Rother-R-Gmuender-U-Mauch-\u00a9-Stefan-Rother--1024x886.jpg\" alt=\"\" class=\"wp-image-3241\"\/><\/a><figcaption class=\"wp-element-caption\">Die Organisatoren des Botanik-Kurs (vlnr): Ueli Mauch, Raymund Gm\u00fcnder, Stefan Rother (\u00a9 Stefan Rother)<\/figcaption><\/figure>\n","protected":false},"excerpt":{"rendered":"<p>Am 29.3.23 fand unter der Leitung von Ueli Mauch und der Schirmherrschaft vom LLC (Lebensraum Landschaft Cham) der erste Kurs zum Bestimmen von Pflanzen in unserer Region statt. Es war [&hellip;]<\/p>\n","protected":false},"author":1,"featured_media":3242,"comment_status":"open","ping_status":"open","sticky":false,"template":"","format":"standard","meta":{"_et_pb_use_builder":"off","_et_pb_old_content":"","_et_gb_content_width":"","footnotes":""},"categories":[1],"tags":[],"class_list":["post-3239","post","type-post","status-publish","format-standard","has-post-thumbnail","hentry","category-uncategorized"],"_links":{"self":[{"href":"https:\/\/langhuus.ch\/blog\/wp-json\/wp\/v2\/posts\/3239","targetHints":{"allow":["GET"]}}],"collection":[{"href":"https:\/\/langhuus.ch\/blog\/wp-json\/wp\/v2\/posts"}],"about":[{"href":"https:\/\/langhuus.ch\/blog\/wp-json\/wp\/v2\/types\/post"}],"author":[{"embeddable":true,"href":"https:\/\/langhuus.ch\/blog\/wp-json\/wp\/v2\/users\/1"}],"replies":[{"embeddable":true,"href":"https:\/\/langhuus.ch\/blog\/wp-json\/wp\/v2\/comments?post=3239"}],"version-history":[{"count":2,"href":"https:\/\/langhuus.ch\/blog\/wp-json\/wp\/v2\/posts\/3239\/revisions"}],"predecessor-version":[{"id":3245,"href":"https:\/\/langhuus.ch\/blog\/wp-json\/wp\/v2\/posts\/3239\/revisions\/3245"}],"wp:featuredmedia":[{"embeddable":true,"href":"https:\/\/langhuus.ch\/blog\/wp-json\/wp\/v2\/media\/3242"}],"wp:attachment":[{"href":"https:\/\/langhuus.ch\/blog\/wp-json\/wp\/v2\/media?parent=3239"}],"wp:term":[{"taxonomy":"category","embeddable":true,"href":"https:\/\/langhuus.ch\/blog\/wp-json\/wp\/v2\/categories?post=3239"},{"taxonomy":"post_tag","embeddable":true,"href":"https:\/\/langhuus.ch\/blog\/wp-json\/wp\/v2\/tags?post=3239"}],"curies":[{"name":"wp","href":"https:\/\/api.w.org\/{rel}","templated":true}]}}