{"id":1990,"date":"2022-06-06T21:19:28","date_gmt":"2022-06-06T19:19:28","guid":{"rendered":"https:\/\/langhuus.ch\/blog\/?p=1990"},"modified":"2022-06-08T13:21:34","modified_gmt":"2022-06-08T11:21:34","slug":"es-geht-los","status":"publish","type":"post","link":"https:\/\/langhuus.ch\/blog\/2022\/06\/06\/es-geht-los\/","title":{"rendered":"Es geht los!"},"content":{"rendered":"\n<p>Per 13. Juni 2022 zieht der Verein IG Langhuus in die Langhuus Kulturfabrik Cham ein. Es gab viel zu diskutieren und zu organisieren in den letzten Monaten. So ein Vorhaben hat viele Facetten und zahlreiche Herausforderungen: Die Idee der \u201eLanghuus Kulturfabrik\u201c wurde pr\u00e4zisiert; f\u00fcr den Betrieb erarbeiteten wir Konzepte und Richtlinien; mit der Gemeinde galt es die Rahmenbedingungen zu kl\u00e4ren und in Form von Vertr\u00e4gen nieder zu schreiben; die Statuten des Vereins wurden den neuen Anforderungen angepasst; Pl\u00e4ne f\u00fcr den Innenausbau wurden geboren, verworfen und komplett neu gestaltet; weitere Sponsor*innen wurden gefunden; und nicht zuletzt gelang es, Leute zu gewinnen, die Lust haben das Langhuus zu gestalten.<\/p>\n\n\n\n<p>Das Bar Team hat sich organisiert und freut sich darauf, die ersten Drinks zu mixen. Das Kulturraum Team hat erste Perlen auf das Programm gesetzt. Und f\u00fcr das Atelier haben K\u00fcnstler*innen ihren Wirkungsraum geplant.<\/p>\n\n\n\n<p>Endlich geht es los mit dem Langhuus Betrieb!<\/p>\n\n\n\n<p>Mit dem Einzug wird aus Konzepten und Ideen endlich erfahrbare Realit\u00e4t. Ich darf die Langhuus Kulturfabrik als Betriebsleiter begleiten. Auf das, was da kommt und vergeht, freue ich mich sehr. Denn das Langhuus bleibt \u201est\u00e4ndig lebendig\u201c.<\/p>\n\n\n\n<p>Xaver<\/p>\n","protected":false},"excerpt":{"rendered":"<p>Per 13. Juni 2022 zieht der Verein IG Langhuus in die Langhuus Kulturfabrik Cham ein. Es gab viel zu diskutieren und zu organisieren in den letzten Monaten. So ein Vorhaben [&hellip;]<\/p>\n","protected":false},"author":1,"featured_media":1865,"comment_status":"open","ping_status":"open","sticky":false,"template":"","format":"standard","meta":{"_et_pb_use_builder":"off","_et_pb_old_content":"","_et_gb_content_width":"","footnotes":""},"categories":[1],"tags":[],"class_list":["post-1990","post","type-post","status-publish","format-standard","has-post-thumbnail","hentry","category-uncategorized"],"_links":{"self":[{"href":"https:\/\/langhuus.ch\/blog\/wp-json\/wp\/v2\/posts\/1990","targetHints":{"allow":["GET"]}}],"collection":[{"href":"https:\/\/langhuus.ch\/blog\/wp-json\/wp\/v2\/posts"}],"about":[{"href":"https:\/\/langhuus.ch\/blog\/wp-json\/wp\/v2\/types\/post"}],"author":[{"embeddable":true,"href":"https:\/\/langhuus.ch\/blog\/wp-json\/wp\/v2\/users\/1"}],"replies":[{"embeddable":true,"href":"https:\/\/langhuus.ch\/blog\/wp-json\/wp\/v2\/comments?post=1990"}],"version-history":[{"count":6,"href":"https:\/\/langhuus.ch\/blog\/wp-json\/wp\/v2\/posts\/1990\/revisions"}],"predecessor-version":[{"id":1999,"href":"https:\/\/langhuus.ch\/blog\/wp-json\/wp\/v2\/posts\/1990\/revisions\/1999"}],"wp:featuredmedia":[{"embeddable":true,"href":"https:\/\/langhuus.ch\/blog\/wp-json\/wp\/v2\/media\/1865"}],"wp:attachment":[{"href":"https:\/\/langhuus.ch\/blog\/wp-json\/wp\/v2\/media?parent=1990"}],"wp:term":[{"taxonomy":"category","embeddable":true,"href":"https:\/\/langhuus.ch\/blog\/wp-json\/wp\/v2\/categories?post=1990"},{"taxonomy":"post_tag","embeddable":true,"href":"https:\/\/langhuus.ch\/blog\/wp-json\/wp\/v2\/tags?post=1990"}],"curies":[{"name":"wp","href":"https:\/\/api.w.org\/{rel}","templated":true}]}}