{"id":1742,"date":"2022-03-09T18:31:55","date_gmt":"2022-03-09T17:31:55","guid":{"rendered":"https:\/\/langhuus.ch\/blog\/?p=1742"},"modified":"2022-03-10T17:18:01","modified_gmt":"2022-03-10T16:18:01","slug":"bilder-von-der-besichtigung","status":"publish","type":"post","link":"https:\/\/langhuus.ch\/blog\/2022\/03\/09\/bilder-von-der-besichtigung\/","title":{"rendered":"Bilder von der Besichtigung"},"content":{"rendered":"<p>[et_pb_section fb_built=&#8220;1&#8243; _builder_version=&#8220;4.14.8&#8243; _module_preset=&#8220;default&#8220; custom_padding=&#8220;2px|||||&#8220; global_colors_info=&#8220;{}&#8220;][et_pb_row _builder_version=&#8220;4.14.8&#8243; _module_preset=&#8220;default&#8220; global_colors_info=&#8220;{}&#8220;][et_pb_column type=&#8220;4_4&#8243; _builder_version=&#8220;4.14.8&#8243; _module_preset=&#8220;default&#8220; global_colors_info=&#8220;{}&#8220;][et_pb_gallery gallery_ids=&#8220;1736,1735,1734,1733,1732,1731,1729,1728,1727,1726,1725,1724,1723,1722,1721,1720,1719,1718,1717,1716,1715,1714,1713,1711,1710,1709,1708,1707,1705,1703,1702,1701,1700,1699,1697,1695,1694,1692,1691,1690,1689,1688,1687,1685&#8243; posts_number=&#8220;12&#8243; show_title_and_caption=&#8220;off&#8220; _builder_version=&#8220;4.14.8&#8243; _module_preset=&#8220;default&#8220; global_colors_info=&#8220;{}&#8220;][\/et_pb_gallery][et_pb_text _builder_version=&#8220;4.14.8&#8243; _module_preset=&#8220;default&#8220; global_colors_info=&#8220;{}&#8220;]<\/p>\n<p><span style=\"font-weight: 400;\">Am 5. M\u00e4rz verschafften sich rund 50 Interessierte einen Einblick in die neuen R\u00e4ume des Langhuus. Philipp Barmettler, der Architekt des Ausbaus, f\u00fchrte durch die Baustelle.\u00a0<\/span><\/p>\n<p>(fotografiert von <a href=\"http:\/\/thierryb.ch\/\">Thierry Burgherr<\/a>)<span style=\"font-weight: 400;\"><\/span><\/p>\n<p><span style=\"font-weight: 400;\"><\/span><\/p>\n<p>[\/et_pb_text][\/et_pb_column][\/et_pb_row][\/et_pb_section]<\/p>\n","protected":false},"excerpt":{"rendered":"<p>Am 5. M\u00e4rz verschafften sich rund 50 Interessierte einen Einblick in die neuen R\u00e4ume des Langhuus. Philipp Barmettler, der Architekt des Ausbaus, f\u00fchrte durch die Baustelle.\u00a0 (fotografiert von Thierry Burgherr)<\/p>\n","protected":false},"author":1,"featured_media":1713,"comment_status":"open","ping_status":"open","sticky":false,"template":"","format":"standard","meta":{"_et_pb_use_builder":"on","_et_pb_old_content":"","_et_gb_content_width":"","footnotes":""},"categories":[1],"tags":[],"class_list":["post-1742","post","type-post","status-publish","format-standard","has-post-thumbnail","hentry","category-uncategorized"],"_links":{"self":[{"href":"https:\/\/langhuus.ch\/blog\/wp-json\/wp\/v2\/posts\/1742","targetHints":{"allow":["GET"]}}],"collection":[{"href":"https:\/\/langhuus.ch\/blog\/wp-json\/wp\/v2\/posts"}],"about":[{"href":"https:\/\/langhuus.ch\/blog\/wp-json\/wp\/v2\/types\/post"}],"author":[{"embeddable":true,"href":"https:\/\/langhuus.ch\/blog\/wp-json\/wp\/v2\/users\/1"}],"replies":[{"embeddable":true,"href":"https:\/\/langhuus.ch\/blog\/wp-json\/wp\/v2\/comments?post=1742"}],"version-history":[{"count":8,"href":"https:\/\/langhuus.ch\/blog\/wp-json\/wp\/v2\/posts\/1742\/revisions"}],"predecessor-version":[{"id":1753,"href":"https:\/\/langhuus.ch\/blog\/wp-json\/wp\/v2\/posts\/1742\/revisions\/1753"}],"wp:featuredmedia":[{"embeddable":true,"href":"https:\/\/langhuus.ch\/blog\/wp-json\/wp\/v2\/media\/1713"}],"wp:attachment":[{"href":"https:\/\/langhuus.ch\/blog\/wp-json\/wp\/v2\/media?parent=1742"}],"wp:term":[{"taxonomy":"category","embeddable":true,"href":"https:\/\/langhuus.ch\/blog\/wp-json\/wp\/v2\/categories?post=1742"},{"taxonomy":"post_tag","embeddable":true,"href":"https:\/\/langhuus.ch\/blog\/wp-json\/wp\/v2\/tags?post=1742"}],"curies":[{"name":"wp","href":"https:\/\/api.w.org\/{rel}","templated":true}]}}