{"id":10004209,"global_id":"langhuus.ch\/blog?id=10004209","global_id_lineage":["langhuus.ch\/blog?id=10004209"],"author":"1","status":"publish","date":"2025-04-16 16:39:30","date_utc":"2025-04-16 14:39:30","modified":"2025-04-21 05:07:22","modified_utc":"2025-04-21 03:07:22","url":"https:\/\/langhuus.ch\/blog\/event\/wein-und-spargel\/2025-05-02\/","rest_url":"https:\/\/langhuus.ch\/blog\/wp-json\/tribe\/events\/v1\/events\/10004209","title":"Spargel- und Weinfest","description":"<p>Geniesst auch dieses Jahr frische Schweizer Spargelvariationen mit den gr\u00fcnen<br \/>\nSpargeln vom Buuregarte Boog in H\u00fcnenberg, kombiniert mit verschiedenen Weinen<br \/>\nvom Engelwy.<\/p>\n<p>Mit Spielecke f\u00fcr die Kleinen.<\/p>\n<p>Weitere Informationen unter <a href=\"https:\/\/weinengel.ch\">Weinengel.ch<\/a>.<\/p>\n<p>Anmeldungen erw\u00fcnscht: Per Whatsapp auf 079 102 93 79 oder per Email an<br \/>\n<a href=\"mailto:info@weinengel.ch\">info@weinengel.ch<\/a>, aber auch spontane G\u00e4ste sind willkommen.<\/p>","excerpt":"","slug":"wein-und-spargel","image":{"url":"https:\/\/langhuus.ch\/blog\/wp-content\/uploads\/2025\/04\/Spargel_WeinAI1-scaled.jpg","id":5535,"extension":"jpg","width":2560,"height":1934,"filesize":655008,"sizes":{"medium":{"width":300,"height":227,"mime-type":"image\/jpeg","filesize":15370,"url":"https:\/\/langhuus.ch\/blog\/wp-content\/uploads\/2025\/04\/Spargel_WeinAI1-300x227.jpg"},"large":{"width":1024,"height":774,"mime-type":"image\/jpeg","filesize":147492,"url":"https:\/\/langhuus.ch\/blog\/wp-content\/uploads\/2025\/04\/Spargel_WeinAI1-1024x774.jpg"},"thumbnail":{"width":150,"height":150,"mime-type":"image\/jpeg","filesize":6718,"url":"https:\/\/langhuus.ch\/blog\/wp-content\/uploads\/2025\/04\/Spargel_WeinAI1-150x150.jpg"},"medium_large":{"width":768,"height":580,"mime-type":"image\/jpeg","filesize":87939,"url":"https:\/\/langhuus.ch\/blog\/wp-content\/uploads\/2025\/04\/Spargel_WeinAI1-768x580.jpg"},"1536x1536":{"width":1536,"height":1161,"mime-type":"image\/jpeg","filesize":293833,"url":"https:\/\/langhuus.ch\/blog\/wp-content\/uploads\/2025\/04\/Spargel_WeinAI1-1536x1161.jpg"},"2048x2048":{"width":2048,"height":1547,"mime-type":"image\/jpeg","filesize":466042,"url":"https:\/\/langhuus.ch\/blog\/wp-content\/uploads\/2025\/04\/Spargel_WeinAI1-2048x1547.jpg"},"et-pb-post-main-image":{"width":400,"height":250,"mime-type":"image\/jpeg","filesize":22409,"url":"https:\/\/langhuus.ch\/blog\/wp-content\/uploads\/2025\/04\/Spargel_WeinAI1-400x250.jpg"},"et-pb-post-main-image-fullwidth":{"width":1080,"height":675,"mime-type":"image\/jpeg","filesize":135576,"url":"https:\/\/langhuus.ch\/blog\/wp-content\/uploads\/2025\/04\/Spargel_WeinAI1-1080x675.jpg"},"et-pb-portfolio-image":{"width":400,"height":284,"mime-type":"image\/jpeg","filesize":24758,"url":"https:\/\/langhuus.ch\/blog\/wp-content\/uploads\/2025\/04\/Spargel_WeinAI1-400x284.jpg"},"et-pb-portfolio-module-image":{"width":510,"height":382,"mime-type":"image\/jpeg","filesize":40308,"url":"https:\/\/langhuus.ch\/blog\/wp-content\/uploads\/2025\/04\/Spargel_WeinAI1-510x382.jpg"},"et-pb-portfolio-image-single":{"width":1080,"height":816,"mime-type":"image\/jpeg","filesize":161651,"url":"https:\/\/langhuus.ch\/blog\/wp-content\/uploads\/2025\/04\/Spargel_WeinAI1-1080x816.jpg"},"et-pb-gallery-module-image-portrait":{"width":400,"height":516,"mime-type":"image\/jpeg","filesize":48329,"url":"https:\/\/langhuus.ch\/blog\/wp-content\/uploads\/2025\/04\/Spargel_WeinAI1-400x516.jpg"},"et-pb-post-main-image-fullwidth-large":{"width":2880,"height":1800,"mime-type":"image\/jpeg","filesize":635671,"url":"https:\/\/langhuus.ch\/blog\/wp-content\/uploads\/2025\/04\/Spargel_WeinAI1-2880x1800.jpg"}},"original_image":"Spargel_WeinAI1.jpg"},"all_day":false,"start_date":"2025-05-02 16:00:00","start_date_details":{"year":"2025","month":"05","day":"02","hour":"16","minutes":"00","seconds":"00"},"end_date":"2025-05-02 23:00:00","end_date_details":{"year":"2025","month":"05","day":"02","hour":"23","minutes":"00","seconds":"00"},"utc_start_date":"2025-05-02 14:00:00","utc_start_date_details":{"year":"2025","month":"05","day":"02","hour":"14","minutes":"00","seconds":"00"},"utc_end_date":"2025-05-02 21:00:00","utc_end_date_details":{"year":"2025","month":"05","day":"02","hour":"21","minutes":"00","seconds":"00"},"timezone":"Europe\/Zurich","timezone_abbr":"CEST","cost":"","cost_details":{"currency_symbol":"CHF","currency_code":"CHF","currency_position":"suffix","values":[]},"website":"","show_map":true,"show_map_link":true,"hide_from_listings":false,"sticky":false,"featured":false,"categories":[{"name":"Kulinarik","slug":"kulinarik","term_group":0,"term_taxonomy_id":176,"taxonomy":"tribe_events_cat","description":"","parent":0,"count":45,"filter":"raw","id":176,"urls":{"self":"https:\/\/langhuus.ch\/blog\/wp-json\/tribe\/events\/v1\/categories\/176","collection":"https:\/\/langhuus.ch\/blog\/wp-json\/tribe\/events\/v1\/categories"}}],"tags":[],"venue":{"id":2301,"author":"1","status":"publish","date":"2022-08-27 11:28:22","date_utc":"2022-08-27 09:28:22","modified":"2022-08-27 11:28:22","modified_utc":"2022-08-27 09:28:22","url":"https:\/\/langhuus.ch\/blog\/veranstaltungsort\/langhuus-kulturfabrik-cham\/","venue":"Langhuus Kulturfabrik Cham","slug":"langhuus-kulturfabrik-cham","address":"Fabrikstrasse 9","city":"Cham","country":"Schweiz","zip":"6330","website":"https:\/\/langhuus.ch","json_ld":{"@type":"Place","name":"Langhuus Kulturfabrik Cham","description":"","url":"https:\/\/langhuus.ch\/blog\/veranstaltungsort\/langhuus-kulturfabrik-cham\/","address":{"@type":"PostalAddress","streetAddress":"Fabrikstrasse 9","addressLocality":"Cham","postalCode":"6330","addressCountry":"Schweiz"},"telephone":"","sameAs":"https:\/\/langhuus.ch"},"show_map":true,"show_map_link":true,"global_id":"langhuus.ch\/blog?id=2301","global_id_lineage":["langhuus.ch\/blog?id=2301"]},"organizer":[{"id":2650,"author":"1","status":"publish","date":"2022-10-13 23:10:59","date_utc":"2022-10-13 21:10:59","modified":"2025-02-14 14:27:54","modified_utc":"2025-02-14 13:27:54","url":"https:\/\/langhuus.ch\/blog\/veranstalter\/weinengel\/","organizer":"WeinEngel","slug":"weinengel","phone":"079 102 93 79","website":"https:\/\/weinengel.ch\/","email":"info@weinengel.ch","json_ld":{"@type":"Person","name":"WeinEngel","description":"","url":"https:\/\/weinengel.ch\/","telephone":"079 102 93 79","email":"info&#64;wei&#110;&#101;&#110;g&#101;l&#46;ch","sameAs":"https:\/\/weinengel.ch\/"},"global_id":"langhuus.ch\/blog?id=2650","global_id_lineage":["langhuus.ch\/blog?id=2650"]}],"custom_fields":[],"json_ld":{"@context":"http:\/\/schema.org","@type":"Event","name":"Spargel- und Weinfest","description":"&lt;p&gt;Geniesst auch dieses Jahr frische Schweizer Spargelvariationen mit den gr\u00fcnen Spargeln vom Buuregarte Boog in H\u00fcnenberg, kombiniert mit verschiedenen Weinen vom Engelwy. Mit Spielecke f\u00fcr die Kleinen. Weitere Informationen unter [&hellip;]&lt;\/p&gt;\\n","image":"https:\/\/langhuus.ch\/blog\/wp-content\/uploads\/2025\/04\/Spargel_WeinAI1-scaled.jpg","url":"https:\/\/langhuus.ch\/blog\/event\/wein-und-spargel\/2025-05-02\/","eventAttendanceMode":"https:\/\/schema.org\/OfflineEventAttendanceMode","eventStatus":"https:\/\/schema.org\/EventScheduled","startDate":"2025-05-02T16:00:00+02:00","endDate":"2025-05-02T23:00:00+02:00","location":{"@type":"Place","name":"Langhuus Kulturfabrik Cham","description":"","url":"https:\/\/langhuus.ch\/blog\/veranstaltungsort\/langhuus-kulturfabrik-cham\/","address":{"@type":"PostalAddress","streetAddress":"Fabrikstrasse 9","addressLocality":"Cham","postalCode":"6330","addressCountry":"Schweiz"},"telephone":"","sameAs":"https:\/\/langhuus.ch"},"organizer":{"@type":"Person","name":"WeinEngel","description":"","url":"https:\/\/weinengel.ch\/","telephone":"079 102 93 79","email":"inf&#111;&#64;wein&#101;n&#103;&#101;&#108;&#46;&#99;&#104;","sameAs":"https:\/\/weinengel.ch\/"},"performer":"Organization"},"is_virtual":false,"virtual_url":null,"virtual_video_source":""}